[{"@context":"https:\/\/schema.org\/","@type":"Article","@id":"https:\/\/www.sseas.cz\/spatna-trava\/#Article","mainEntityOfPage":"https:\/\/www.sseas.cz\/spatna-trava\/","headline":"\u0160patn\u00e1 tr\u00e1va","name":"\u0160patn\u00e1 tr\u00e1va","description":"Kdo by si nep\u0159\u00e1l m\u00edt opravdu kr\u00e1snou stylovou a upravenou zahradu, jsou ale lid\u00e9, kte\u0159\u00ed maj\u00ed opravdu velikou zahradu, ale [&hellip;]","datePublished":"2024-01-30","dateModified":"2024-01-30","author":{"@type":"Person","@id":"https:\/\/www.sseas.cz\/author\/#Person","name":"","url":"https:\/\/www.sseas.cz\/author\/","identifier":1,"image":{"@type":"ImageObject","@id":"https:\/\/secure.gravatar.com\/avatar\/64d58fab86512053c8bb518a6563e7284bb4a3422dc9af0106c3f39575364c7b?s=96&d=mm&r=g","url":"https:\/\/secure.gravatar.com\/avatar\/64d58fab86512053c8bb518a6563e7284bb4a3422dc9af0106c3f39575364c7b?s=96&d=mm&r=g","height":96,"width":96}},"publisher":{"@type":"Organization","name":"sseas.cz","logo":{"@type":"ImageObject","@id":"\/logo.png","url":"\/logo.png","width":600,"height":60}},"image":{"@type":"ImageObject","@id":"https:\/\/www.sseas.cz\/wp-content\/uploads\/cat-4419763_960_720.jpg","url":"https:\/\/www.sseas.cz\/wp-content\/uploads\/cat-4419763_960_720.jpg","height":0,"width":0},"url":"https:\/\/www.sseas.cz\/spatna-trava\/","about":["D\u016fm a zahrada"],"wordCount":432,"articleBody":"Kdo by si nep\u0159\u00e1l m\u00edt opravdu kr\u00e1snou stylovou a upravenou zahradu, jsou ale lid\u00e9, kte\u0159\u00ed maj\u00ed opravdu velikou zahradu, ale v\u016fbec se o ni nestaraj\u00ed. Pov\u00edm v\u00e1m, \u017ee m\u011b osobn\u011b by tohle moc vadilo. Vadilo by mi, kdybych m\u011bla velikou zahradu a byla by opravdu neobd\u011blan\u00e9 a tak\u00e9 neupraven\u00e1. Kdyby t\u0159eba v\u0161ude byla zrezl\u00e1 tr\u00e1va, \u0159eknu v\u00e1m, \u017ee mi ale na chat\u011b tak\u00e9 m\u00e1me zrezlou tr\u00e1vu a v\u00edte, co je to? Je to pr\u00fd n\u011bjak\u00e1 nemoc tr\u00e1vy absolutn\u011b nev\u00edm, co by to mohlo b\u00fdt, proto\u017ee my tr\u00e1vu sek\u00e1me opravdu pravideln\u011b. Tak\u00e9 se o ni star\u00e1me a tak\u00e9 ji pravideln\u011b hnoj\u00edme.Tak\u017ee si opravdu nezaslou\u017e\u00edm a nezaslou\u017e\u00ed si to ani na\u0161e zahrada, aby takhle vypadala. Vypad\u00e1 to opravdu d\u011bsn\u011b. Nav\u00edc kdy\u017e jsem v\u0161em \u0159\u00edkala, \u017ee jsem opravdu dobr\u00e1 zahradnice a \u017ee se o na\u0161i zahradu dob\u0159e star\u00e1m. Tak\u017ee poka\u017ed\u00e9, kdy\u017e k n\u00e1m p\u0159ijde n\u011bjak\u00e1 n\u00e1v\u0161t\u011bva, t\u0159eba kamar\u00e1dky nebo zbytek rodiny, tak se m\u011b ptaj\u00ed, co s t\u00edm d\u011bl\u00e1m, \u017ee m\u00e1m v\u0161ude n\u011bjakou travn\u00ed pl\u00edse\u0148 nebo n\u011bco podobn\u00e9ho. Co byste asi d\u011blali vy? V\u017edycky jsem \u0161la do n\u011bjak\u00fdch zahr\u00e1dk\u00e1\u0159sk\u00fdch pot\u0159eb a ptala jsem se tam, co m\u00e1m d\u011blat se svou zahradou, \u017ee mi tam roste n\u011bjak\u00e1 travn\u00ed pl\u00edse\u0148 nebo n\u011bco podobn\u00e9ho.V\u0161ichni mi \u0159ekli, \u017ee je pr\u00fd velice slo\u017eit\u00e9 se toho zbavit, tak\u017ee kolikr\u00e1t jsem dostala r\u016fzn\u00e9 p\u0159\u00edpravky, abych to zal\u00e9vala. Abych v\u0161echno d\u00e1vala na zahradu anebo tam, kde je pr\u00e1v\u011b zreziv\u011bl\u00e1 tr\u00e1va anebo tak\u00e9 mi bylo \u0159e\u010deno a pora\u017eeno, abych pr\u00fd tohle vykopala a n\u011bkam to vyhodila. Jenom\u017ee zase budu m\u00edt na zahrad\u011b n\u011bjakou d\u00edru. A co kdy\u017e tam potom t\u0159eba zakopneme d\u00edt\u011b anebo j\u00e1 p\u016fjdu n\u011bkdy ve tm\u011b? T\u0159eba se psem na proch\u00e1zku a potom tam zakopnu? To si mysl\u00edm, \u017ee asi nen\u00ed tak dobr\u00fd n\u00e1pad. Absolutn\u011b si s t\u00edmhle nev\u00edm rady. Tohle u\u017e trv\u00e1 asi druh\u00fd\u00a0rok. \u0158ekla jsem si, \u017ee pokud asi nepom\u016f\u017ee \u017e\u00e1dn\u00fd p\u0159\u00edpravek na tr\u00e1vu, tak asi to fakt vykopu. Budu si d\u00e1vat pozor anebo tam zasad\u00edm n\u011bjakou kv\u011btinu. Tohle m\u011b nenapadlo a vyzkou\u0161\u00edm to.\u00a0                                                                                                                                                                                                                                                                                                                                                                                                "},{"@context":"https:\/\/schema.org\/","@type":"BreadcrumbList","itemListElement":[{"@type":"ListItem","position":1,"name":"\u0160patn\u00e1 tr\u00e1va","item":"https:\/\/www.sseas.cz\/spatna-trava\/#breadcrumbitem"}]}]