{"@context":"https:\/\/schema.org\/","@type":"CollectionPage","@id":"https:\/\/www.sseas.cz\/sluzby\/#CollectionPage","headline":"Slu\u017eby Category","description":"","url":"https:\/\/www.sseas.cz\/sluzby\/","hasPart":[{"@type":"Article","@id":"https:\/\/www.sseas.cz\/rekonstruujeme-byt-v-puvodnim-stavu\/","headline":"Rekonstruujeme byt v p\u016fvodn\u00edm stavu","url":"https:\/\/www.sseas.cz\/rekonstruujeme-byt-v-puvodnim-stavu\/","datePublished":"2024-09-11","dateModified":"2024-09-11","mainEntityOfPage":"https:\/\/www.sseas.cz\/rekonstruujeme-byt-v-puvodnim-stavu\/","author":{"@type":"Person","@id":"https:\/\/www.sseas.cz\/author\/#Person","name":"","url":"https:\/\/www.sseas.cz\/author\/","identifier":1,"image":{"@type":"ImageObject","@id":"https:\/\/secure.gravatar.com\/avatar\/64d58fab86512053c8bb518a6563e7284bb4a3422dc9af0106c3f39575364c7b?s=96&d=mm&r=g","url":"https:\/\/secure.gravatar.com\/avatar\/64d58fab86512053c8bb518a6563e7284bb4a3422dc9af0106c3f39575364c7b?s=96&d=mm&r=g","height":96,"width":96}},"publisher":{"@type":"Organization","name":"sseas.cz","logo":{"@type":"ImageObject","@id":"\/logo.png","url":"\/logo.png","width":600,"height":60}},"image":{"@type":"ImageObject","@id":"https:\/\/www.sseas.cz\/wp-content\/uploads\/plumber-2788329_640_10_9.jpg","url":"https:\/\/www.sseas.cz\/wp-content\/uploads\/plumber-2788329_640_10_9.jpg","height":0,"width":0},"keywords":null},{"@type":"Article","@id":"https:\/\/www.sseas.cz\/doprejte-si-v-praze-neco-mimoradneho\/","headline":"Dop\u0159ejte si v Praze n\u011bco mimo\u0159\u00e1dn\u00e9ho","url":"https:\/\/www.sseas.cz\/doprejte-si-v-praze-neco-mimoradneho\/","datePublished":"2024-09-11","dateModified":"2024-09-11","mainEntityOfPage":"https:\/\/www.sseas.cz\/doprejte-si-v-praze-neco-mimoradneho\/","author":{"@type":"Person","@id":"https:\/\/www.sseas.cz\/author\/#Person","name":"","url":"https:\/\/www.sseas.cz\/author\/","identifier":1,"image":{"@type":"ImageObject","@id":"https:\/\/secure.gravatar.com\/avatar\/64d58fab86512053c8bb518a6563e7284bb4a3422dc9af0106c3f39575364c7b?s=96&d=mm&r=g","url":"https:\/\/secure.gravatar.com\/avatar\/64d58fab86512053c8bb518a6563e7284bb4a3422dc9af0106c3f39575364c7b?s=96&d=mm&r=g","height":96,"width":96}},"publisher":{"@type":"Organization","name":"sseas.cz","logo":{"@type":"ImageObject","@id":"\/logo.png","url":"\/logo.png","width":600,"height":60}},"image":{"@type":"ImageObject","@id":"https:\/\/www.sseas.cz\/wp-content\/uploads\/violin-1136986_640.jpg","url":"https:\/\/www.sseas.cz\/wp-content\/uploads\/violin-1136986_640.jpg","height":0,"width":0},"keywords":null},{"@type":"Article","@id":"https:\/\/www.sseas.cz\/elektrikar-provadi-rekonstrukce-elektroinstalace-i-v-obchodech\/","headline":"Elektrik\u00e1\u0159 prov\u00e1d\u00ed rekonstrukce elektroinstalace i v obchodech","url":"https:\/\/www.sseas.cz\/elektrikar-provadi-rekonstrukce-elektroinstalace-i-v-obchodech\/","datePublished":"2024-09-10","dateModified":"2024-09-10","mainEntityOfPage":"https:\/\/www.sseas.cz\/elektrikar-provadi-rekonstrukce-elektroinstalace-i-v-obchodech\/","author":{"@type":"Person","@id":"https:\/\/www.sseas.cz\/author\/#Person","name":"","url":"https:\/\/www.sseas.cz\/author\/","identifier":1,"image":{"@type":"ImageObject","@id":"https:\/\/secure.gravatar.com\/avatar\/64d58fab86512053c8bb518a6563e7284bb4a3422dc9af0106c3f39575364c7b?s=96&d=mm&r=g","url":"https:\/\/secure.gravatar.com\/avatar\/64d58fab86512053c8bb518a6563e7284bb4a3422dc9af0106c3f39575364c7b?s=96&d=mm&r=g","height":96,"width":96}},"publisher":{"@type":"Organization","name":"sseas.cz","logo":{"@type":"ImageObject","@id":"\/logo.png","url":"\/logo.png","width":600,"height":60}},"image":{"@type":"ImageObject","@id":"https:\/\/www.sseas.cz\/wp-content\/uploads\/pexels-pixabay-257736.jpg","url":"https:\/\/www.sseas.cz\/wp-content\/uploads\/pexels-pixabay-257736.jpg","height":0,"width":0},"keywords":null},{"@type":"Article","@id":"https:\/\/www.sseas.cz\/kdy-navstivit-holesovicky-barbershop\/","headline":"Kdy nav\u0161t\u00edvit hole\u0161ovick\u00fd barbershop","url":"https:\/\/www.sseas.cz\/kdy-navstivit-holesovicky-barbershop\/","datePublished":"2024-09-10","dateModified":"2024-09-10","mainEntityOfPage":"https:\/\/www.sseas.cz\/kdy-navstivit-holesovicky-barbershop\/","author":{"@type":"Person","@id":"https:\/\/www.sseas.cz\/author\/#Person","name":"","url":"https:\/\/www.sseas.cz\/author\/","identifier":1,"image":{"@type":"ImageObject","@id":"https:\/\/secure.gravatar.com\/avatar\/64d58fab86512053c8bb518a6563e7284bb4a3422dc9af0106c3f39575364c7b?s=96&d=mm&r=g","url":"https:\/\/secure.gravatar.com\/avatar\/64d58fab86512053c8bb518a6563e7284bb4a3422dc9af0106c3f39575364c7b?s=96&d=mm&r=g","height":96,"width":96}},"publisher":{"@type":"Organization","name":"sseas.cz","logo":{"@type":"ImageObject","@id":"\/logo.png","url":"\/logo.png","width":600,"height":60}},"image":{"@type":"ImageObject","@id":"https:\/\/www.sseas.cz\/wp-content\/uploads\/barber-2345701_640_3.jpg","url":"https:\/\/www.sseas.cz\/wp-content\/uploads\/barber-2345701_640_3.jpg","height":0,"width":0},"keywords":null},{"@type":"Article","@id":"https:\/\/www.sseas.cz\/generalni-uklid-pred-ocekavanou-navstevou\/","headline":"Gener\u00e1ln\u00ed \u00faklid p\u0159ed o\u010dek\u00e1vanou n\u00e1v\u0161t\u011bvou","url":"https:\/\/www.sseas.cz\/generalni-uklid-pred-ocekavanou-navstevou\/","datePublished":"2024-09-10","dateModified":"2024-09-10","mainEntityOfPage":"https:\/\/www.sseas.cz\/generalni-uklid-pred-ocekavanou-navstevou\/","author":{"@type":"Person","@id":"https:\/\/www.sseas.cz\/author\/#Person","name":"","url":"https:\/\/www.sseas.cz\/author\/","identifier":1,"image":{"@type":"ImageObject","@id":"https:\/\/secure.gravatar.com\/avatar\/64d58fab86512053c8bb518a6563e7284bb4a3422dc9af0106c3f39575364c7b?s=96&d=mm&r=g","url":"https:\/\/secure.gravatar.com\/avatar\/64d58fab86512053c8bb518a6563e7284bb4a3422dc9af0106c3f39575364c7b?s=96&d=mm&r=g","height":96,"width":96}},"publisher":{"@type":"Organization","name":"sseas.cz","logo":{"@type":"ImageObject","@id":"\/logo.png","url":"\/logo.png","width":600,"height":60}},"image":{"@type":"ImageObject","@id":"https:\/\/www.sseas.cz\/wp-content\/uploads\/dirt-6752128_640_10_1.jpg","url":"https:\/\/www.sseas.cz\/wp-content\/uploads\/dirt-6752128_640_10_1.jpg","height":0,"width":0},"keywords":null},{"@type":"Article","@id":"https:\/\/www.sseas.cz\/pocetnou-navstevu-usadte-na-koberec\/","headline":"Po\u010detnou n\u00e1v\u0161t\u011bvu usa\u010fte na koberec","url":"https:\/\/www.sseas.cz\/pocetnou-navstevu-usadte-na-koberec\/","datePublished":"2024-09-10","dateModified":"2024-09-10","mainEntityOfPage":"https:\/\/www.sseas.cz\/pocetnou-navstevu-usadte-na-koberec\/","author":{"@type":"Person","@id":"https:\/\/www.sseas.cz\/author\/#Person","name":"","url":"https:\/\/www.sseas.cz\/author\/","identifier":1,"image":{"@type":"ImageObject","@id":"https:\/\/secure.gravatar.com\/avatar\/64d58fab86512053c8bb518a6563e7284bb4a3422dc9af0106c3f39575364c7b?s=96&d=mm&r=g","url":"https:\/\/secure.gravatar.com\/avatar\/64d58fab86512053c8bb518a6563e7284bb4a3422dc9af0106c3f39575364c7b?s=96&d=mm&r=g","height":96,"width":96}},"publisher":{"@type":"Organization","name":"sseas.cz","logo":{"@type":"ImageObject","@id":"\/logo.png","url":"\/logo.png","width":600,"height":60}},"image":{"@type":"ImageObject","@id":"https:\/\/www.sseas.cz\/wp-content\/uploads\/pexels-doralin-tunas-126287710-10068744.jpg","url":"https:\/\/www.sseas.cz\/wp-content\/uploads\/pexels-doralin-tunas-126287710-10068744.jpg","height":0,"width":0},"keywords":null},{"@type":"Article","@id":"https:\/\/www.sseas.cz\/aby-vase-zahranicni-stehovani-probehlo-bez-stresu\/","headline":"Aby va\u0161e zahrani\u010dn\u00ed st\u011bhov\u00e1n\u00ed prob\u011bhlo bez stresu","url":"https:\/\/www.sseas.cz\/aby-vase-zahranicni-stehovani-probehlo-bez-stresu\/","datePublished":"2024-09-10","dateModified":"2024-09-10","mainEntityOfPage":"https:\/\/www.sseas.cz\/aby-vase-zahranicni-stehovani-probehlo-bez-stresu\/","author":{"@type":"Person","@id":"https:\/\/www.sseas.cz\/author\/#Person","name":"","url":"https:\/\/www.sseas.cz\/author\/","identifier":1,"image":{"@type":"ImageObject","@id":"https:\/\/secure.gravatar.com\/avatar\/64d58fab86512053c8bb518a6563e7284bb4a3422dc9af0106c3f39575364c7b?s=96&d=mm&r=g","url":"https:\/\/secure.gravatar.com\/avatar\/64d58fab86512053c8bb518a6563e7284bb4a3422dc9af0106c3f39575364c7b?s=96&d=mm&r=g","height":96,"width":96}},"publisher":{"@type":"Organization","name":"sseas.cz","logo":{"@type":"ImageObject","@id":"\/logo.png","url":"\/logo.png","width":600,"height":60}},"image":{"@type":"ImageObject","@id":"https:\/\/www.sseas.cz\/wp-content\/uploads\/highway-7213206_640_3.jpg","url":"https:\/\/www.sseas.cz\/wp-content\/uploads\/highway-7213206_640_3.jpg","height":0,"width":0},"keywords":null},{"@type":"Article","@id":"https:\/\/www.sseas.cz\/co-vsechno-se-musi-udelat-kdyz-je-potreba-revize-elektriny-a-kolik-to-stoji\/","headline":"Co v\u0161echno se mus\u00ed ud\u011blat kdy\u017e je pot\u0159eba revize elekt\u0159iny? A kolik to stoj\u00ed?","url":"https:\/\/www.sseas.cz\/co-vsechno-se-musi-udelat-kdyz-je-potreba-revize-elektriny-a-kolik-to-stoji\/","datePublished":"2024-09-10","dateModified":"2024-09-10","mainEntityOfPage":"https:\/\/www.sseas.cz\/co-vsechno-se-musi-udelat-kdyz-je-potreba-revize-elektriny-a-kolik-to-stoji\/","author":{"@type":"Person","@id":"https:\/\/www.sseas.cz\/author\/#Person","name":"","url":"https:\/\/www.sseas.cz\/author\/","identifier":1,"image":{"@type":"ImageObject","@id":"https:\/\/secure.gravatar.com\/avatar\/64d58fab86512053c8bb518a6563e7284bb4a3422dc9af0106c3f39575364c7b?s=96&d=mm&r=g","url":"https:\/\/secure.gravatar.com\/avatar\/64d58fab86512053c8bb518a6563e7284bb4a3422dc9af0106c3f39575364c7b?s=96&d=mm&r=g","height":96,"width":96}},"publisher":{"@type":"Organization","name":"sseas.cz","logo":{"@type":"ImageObject","@id":"\/logo.png","url":"\/logo.png","width":600,"height":60}},"image":{"@type":"ImageObject","@id":"https:\/\/www.sseas.cz\/wp-content\/uploads\/lightbulb-3104355_640_8.jpg","url":"https:\/\/www.sseas.cz\/wp-content\/uploads\/lightbulb-3104355_640_8.jpg","height":0,"width":0},"keywords":null},{"@type":"Article","@id":"https:\/\/www.sseas.cz\/na-koho-se-obratit-pri-uklidu-bytovych-domu-v-praze\/","headline":"Na koho se obr\u00e1tit p\u0159i \u00faklidu bytov\u00fdch dom\u016f v Praze?","url":"https:\/\/www.sseas.cz\/na-koho-se-obratit-pri-uklidu-bytovych-domu-v-praze\/","datePublished":"2024-09-10","dateModified":"2024-09-10","mainEntityOfPage":"https:\/\/www.sseas.cz\/na-koho-se-obratit-pri-uklidu-bytovych-domu-v-praze\/","author":{"@type":"Person","@id":"https:\/\/www.sseas.cz\/author\/#Person","name":"","url":"https:\/\/www.sseas.cz\/author\/","identifier":1,"image":{"@type":"ImageObject","@id":"https:\/\/secure.gravatar.com\/avatar\/64d58fab86512053c8bb518a6563e7284bb4a3422dc9af0106c3f39575364c7b?s=96&d=mm&r=g","url":"https:\/\/secure.gravatar.com\/avatar\/64d58fab86512053c8bb518a6563e7284bb4a3422dc9af0106c3f39575364c7b?s=96&d=mm&r=g","height":96,"width":96}},"publisher":{"@type":"Organization","name":"sseas.cz","logo":{"@type":"ImageObject","@id":"\/logo.png","url":"\/logo.png","width":600,"height":60}},"image":{"@type":"ImageObject","@id":"https:\/\/www.sseas.cz\/wp-content\/uploads\/blinds-5928689_640%20(1).jpg","url":"https:\/\/www.sseas.cz\/wp-content\/uploads\/blinds-5928689_640%20(1).jpg","height":0,"width":0},"keywords":null},{"@type":"Article","@id":"https:\/\/www.sseas.cz\/stehovani-firem-v-praze-s-profesionaly\/","headline":"St\u011bhov\u00e1n\u00ed firem v Praze s profesion\u00e1ly","url":"https:\/\/www.sseas.cz\/stehovani-firem-v-praze-s-profesionaly\/","datePublished":"2024-08-30","dateModified":"2024-08-30","mainEntityOfPage":"https:\/\/www.sseas.cz\/stehovani-firem-v-praze-s-profesionaly\/","author":{"@type":"Person","@id":"https:\/\/www.sseas.cz\/author\/#Person","name":"","url":"https:\/\/www.sseas.cz\/author\/","identifier":1,"image":{"@type":"ImageObject","@id":"https:\/\/secure.gravatar.com\/avatar\/64d58fab86512053c8bb518a6563e7284bb4a3422dc9af0106c3f39575364c7b?s=96&d=mm&r=g","url":"https:\/\/secure.gravatar.com\/avatar\/64d58fab86512053c8bb518a6563e7284bb4a3422dc9af0106c3f39575364c7b?s=96&d=mm&r=g","height":96,"width":96}},"publisher":{"@type":"Organization","name":"sseas.cz","logo":{"@type":"ImageObject","@id":"\/logo.png","url":"\/logo.png","width":600,"height":60}},"image":{"@type":"ImageObject","@id":"https:\/\/www.sseas.cz\/wp-content\/uploads\/chairs-2181951_640_10_1.jpg","url":"https:\/\/www.sseas.cz\/wp-content\/uploads\/chairs-2181951_640_10_1.jpg","height":0,"width":0},"keywords":null}]}