[{"@context":"https:\/\/schema.org\/","@type":"Article","@id":"https:\/\/www.sseas.cz\/pripominame-si-gillese-villeneuva-a-jeho-ferrari-f1-312t4\/#Article","mainEntityOfPage":"https:\/\/www.sseas.cz\/pripominame-si-gillese-villeneuva-a-jeho-ferrari-f1-312t4\/","headline":"P\u0159ipom\u00edn\u00e1me si Gillese Villeneuva a jeho Ferrari F1 312T4","name":"P\u0159ipom\u00edn\u00e1me si Gillese Villeneuva a jeho Ferrari F1 312T4","description":"\u0158\u00edk\u00e1 v\u00e1m n\u011bco jm\u00e9no Gilles Villeneuve? Byl to jeden z nejtalentovan\u011bj\u0161\u00edch z\u00e1vodn\u00edk\u016f Formule 1, narodil se v roce 1950 v [&hellip;]","datePublished":"2025-03-17","dateModified":"2025-03-17","author":{"@type":"Person","@id":"https:\/\/www.sseas.cz\/author\/#Person","name":"","url":"https:\/\/www.sseas.cz\/author\/","identifier":1,"image":{"@type":"ImageObject","@id":"https:\/\/secure.gravatar.com\/avatar\/64d58fab86512053c8bb518a6563e7284bb4a3422dc9af0106c3f39575364c7b?s=96&d=mm&r=g","url":"https:\/\/secure.gravatar.com\/avatar\/64d58fab86512053c8bb518a6563e7284bb4a3422dc9af0106c3f39575364c7b?s=96&d=mm&r=g","height":96,"width":96}},"publisher":{"@type":"Organization","name":"sseas.cz","logo":{"@type":"ImageObject","@id":"\/logo.png","url":"\/logo.png","width":600,"height":60}},"image":{"@type":"ImageObject","@id":"https:\/\/www.sseas.cz\/wp-content\/uploads\/ferrari-957563_640.jpg","url":"https:\/\/www.sseas.cz\/wp-content\/uploads\/ferrari-957563_640.jpg","height":0,"width":0},"url":"https:\/\/www.sseas.cz\/pripominame-si-gillese-villeneuva-a-jeho-ferrari-f1-312t4\/","about":["Zbo\u017e\u00ed"],"wordCount":390,"articleBody":"       \u0158\u00edk\u00e1 v\u00e1m n\u011bco jm\u00e9no Gilles Villeneuve? Byl to jeden z nejtalentovan\u011bj\u0161\u00edch z\u00e1vodn\u00edk\u016f Formule 1, narodil se v roce 1950 v Kanad\u011b, ov\u0161em sv\u016fj \u017eivot p\u0159ed\u010dasn\u011b ukon\u010dil ve sv\u00fdch 32 letech. Tragicky zahynul v belgick\u00e9m Lovani v roce 1982 a mo\u017en\u00e1, \u017ee pr\u00e1v\u011b vy jste tak\u00e9 sledovali osudn\u00fd z\u00e1vod, anebo jste alespo\u0148 zaslechli zpr\u00e1vu o jeho smrti ve voze Ferrari. V\u016fz Ferrari byl velmi pohledn\u00fd, nedal se jen tak p\u0159ehl\u00e9dnout, proto\u017ee jeho karos\u00e9rie byla pokryta v\u00fdrazn\u011b \u010dervenou barvou a vyzdoben\u00e1 typick\u00fdm \u017elut\u00fdm znakem Ferrari. N\u00e1padit\u00fd vzhled vozu dotv\u00e1\u0159elo b\u00edl\u00e9 lemov\u00e1n\u00ed a stabiliza\u010dn\u00ed prvky, kter\u00e9 dokonale ladily k \u010dern\u00fdm pneumatik\u00e1m. Gilles Villenevue m\u011bl na sv\u00e9m voze startovn\u00ed \u010d\u00edslo 12, jako kdyby pr\u00e1v\u011b toto \u010d\u00edslo p\u0159edznamenalo jeho hodinu dvan\u00e1ctou, kter\u00e1 se mu stane osudn\u00e1 pr\u00e1v\u011b v belgick\u00e9m okruhu jen \u010dty\u0159i roky pot\u00e9, co zv\u00edt\u011bzil ve Velk\u00e9 cen\u011b Kanady v roce 1978. Jeho t\u00fdmov\u00fd kolega Jody Scheckter z\u00edskal i jeho z\u00e1sluhou o rok pozd\u011bji v roce 1979 titul mistra sv\u011bta. O Villeneuovi se zaj\u00edmav\u011b vyj\u00e1d\u0159il zn\u00e1m\u00fd z\u00e1vodn\u00edk Niki Lauda, kter\u00fd tak\u00e9 m\u00e1lem p\u0159i\u0161el ve Formuli 1 o \u017eivot. Tvrdil o n\u011bm, \u017ee to byl \u201enejv\u011bt\u0161\u00ed talent ze v\u0161ech z\u00e1vodn\u00edk\u016f t\u00e9 doby\u201c. Chcete-li si tuto legendu Formule 1 p\u0159ipomenout v\u011bcn\u00fdm d\u00e1rkem v podob\u011b model\u016f aut, m\u016f\u017eete si po\u0159\u00eddit model jeho vozu v m\u011b\u0159\u00edtku 1:18, propracovan\u00fd do jemn\u00fdch detail\u016f. Bude to, jako kdybyste m\u011bli jeho automobil p\u0159\u00edmo p\u0159ed sebou na z\u00e1vodn\u00ed dr\u00e1ze, podot\u00fdk\u00e1me, \u017ee to nen\u00ed hra\u010dka pro d\u011bti, ale skute\u010dn\u00fd sb\u011bratelsk\u00fd kousek, kter\u00fd p\u0159ipom\u00edn\u00e1 dobu sedmdes\u00e1t\u00fdch a osmdes\u00e1t\u00fdch let dvac\u00e1t\u00e9ho stolet\u00ed, je\u017e mnoz\u00ed z n\u00e1s pro\u017eili jako d\u011bti nebo dosp\u00edvaj\u00edc\u00ed ml\u00e1de\u017e, \u010di dokonce jako dosp\u011bl\u00ed, co Formule 1 fascinovala. A mo\u017en\u00e1, \u017ee jste tak\u00e9 v t\u00e9 dob\u011b m\u011bli doma jen \u010dernob\u00edlou televizi, a \u017ee jste nemohli pln\u011b vychutnat kr\u00e1su \u010derven\u00e9 karos\u00e9rie voz\u016f Ferrari, s nimi\u017e z\u00e1vodil pr\u00e1v\u011b Villeneuve nebo jeho kolega Jody Scheckter.                                                                                                                                                                                                                                                                                                                                                                                                  "},{"@context":"https:\/\/schema.org\/","@type":"BreadcrumbList","itemListElement":[{"@type":"ListItem","position":1,"name":"P\u0159ipom\u00edn\u00e1me si Gillese Villeneuva a jeho Ferrari F1 312T4","item":"https:\/\/www.sseas.cz\/pripominame-si-gillese-villeneuva-a-jeho-ferrari-f1-312t4\/#breadcrumbitem"}]}]