[{"@context":"https:\/\/schema.org\/","@type":"Article","@id":"https:\/\/www.sseas.cz\/na-koho-se-obratit-pri-uklidu-bytovych-domu-v-praze\/#Article","mainEntityOfPage":"https:\/\/www.sseas.cz\/na-koho-se-obratit-pri-uklidu-bytovych-domu-v-praze\/","headline":"Na koho se obr\u00e1tit p\u0159i \u00faklidu bytov\u00fdch dom\u016f v Praze?","name":"Na koho se obr\u00e1tit p\u0159i \u00faklidu bytov\u00fdch dom\u016f v Praze?","description":"Taky pat\u0159\u00edte mezi ty jedince, pro kter\u00e9 je \u00faklid d\u016fle\u017eit\u00fd, ale prost\u011b na to nem\u00e1te n\u011bkdy u\u017e dostate\u010dnou s\u00edlu? A [&hellip;]","datePublished":"2024-09-10","dateModified":"2024-09-10","author":{"@type":"Person","@id":"https:\/\/www.sseas.cz\/author\/#Person","name":"","url":"https:\/\/www.sseas.cz\/author\/","identifier":1,"image":{"@type":"ImageObject","@id":"https:\/\/secure.gravatar.com\/avatar\/64d58fab86512053c8bb518a6563e7284bb4a3422dc9af0106c3f39575364c7b?s=96&d=mm&r=g","url":"https:\/\/secure.gravatar.com\/avatar\/64d58fab86512053c8bb518a6563e7284bb4a3422dc9af0106c3f39575364c7b?s=96&d=mm&r=g","height":96,"width":96}},"publisher":{"@type":"Organization","name":"sseas.cz","logo":{"@type":"ImageObject","@id":"\/logo.png","url":"\/logo.png","width":600,"height":60}},"image":{"@type":"ImageObject","@id":"https:\/\/www.sseas.cz\/wp-content\/uploads\/blinds-5928689_640%20(1).jpg","url":"https:\/\/www.sseas.cz\/wp-content\/uploads\/blinds-5928689_640%20(1).jpg","height":0,"width":0},"url":"https:\/\/www.sseas.cz\/na-koho-se-obratit-pri-uklidu-bytovych-domu-v-praze\/","about":["Slu\u017eby"],"wordCount":416,"articleBody":"   Taky pat\u0159\u00edte mezi ty jedince, pro kter\u00e9 je \u00faklid d\u016fle\u017eit\u00fd, ale prost\u011b na to nem\u00e1te n\u011bkdy u\u017e dostate\u010dnou s\u00edlu? A nejrad\u011bji byste k tomu pot\u0159ebovali pomoc? Tak na tom nen\u00ed nic \u0161patn\u00e9ho, kdy\u017e prost\u011b n\u011bkdy m\u00e1te pocit, \u017ee je toho na v\u00e1s u\u017e moc a vy pot\u0159ebujete pomoci. Proto\u017ee pokud nem\u00e1te doma uklizeno,  nem\u016f\u017eete e se c\u00edtit dob\u0159e, proto\u017ee ve \u0161p\u00edn\u011b se ned\u00e1 dob\u0159e \u017e\u00edt. A tak je nutn\u00e9 se \u00faklidu v\u011bnovat pravideln\u011b. Proto\u017ee pokud se budete ka\u017ed\u00fd den v\u011bnovat \u00faklidu alespo\u0148 dvacet minut, nebudete muset na konci t\u00fddne \u0159e\u0161it, \u017ee mus\u00edte v\u011bnovat \u00faklidu cel\u00fd den. A p\u0159em\u00fd\u0161leli jste n\u011bkdy, \u017ee by bylo nejlep\u0161\u00ed, kdyby za v\u00e1s n\u011bkdo uklidil pravideln\u00fd \u00faklid chodby a spole\u010dn\u00fdch prostor? Proto\u017ee p\u0159iznejme si v\u0161ichni, \u017ee na \u00faklid spole\u010dn\u00fdch prostor a chodeb se zapom\u00edn\u00e1 \u00fapln\u011b nejl\u00e9pe. Ale pro\u010d to nep\u0159enechat profesion\u00e1ln\u00edm slu\u017eb\u00e1m jako je nap\u0159\u00edklad firma Modr\u00fd \u017eralok? Tato firma p\u016fsob\u00ed na trhu ji\u017e n\u011bkolik let. A jsou na n\u011b jenom kladn\u00e9 recenze a maj\u00ed skv\u011bl\u00e9 reference. Pokud budete pot\u0159ebovat pomoct v \u010demkoliv okolo \u00faklidu, m\u016f\u017eete se na n\u011b jist\u011b spolehnout. \u00daklid je pro n\u011b prvo\u0159ad\u00fd a nen\u00ed pro n\u011b \u017e\u00e1dn\u00fd probl\u00e9m ani uklidit gar\u00e1\u017e anebo \u010di\u0161t\u011bn\u00ed star\u00e9ho n\u00e1bytku \u010di \u00faklid kancel\u00e1\u0159\u00ed v Praze. Anebo \u0161pinav\u00fdch a za\u0161l\u00fdch koberc\u016f, kter\u00e9 ztratily u\u017e svoji p\u016fvodn\u00ed kr\u00e1su. Pokud si jejich firmu najmete z\u00edsk\u00e1te dokonale vy\u010di\u0161t\u011bn\u00fd a dezinfikovan\u00fd cel\u00fd d\u016fm a samoz\u0159ejm\u011b i spole\u010densk\u00e9 prostory, chodby, sklepy a ko\u010d\u00e1rk\u00e1rny. A pokud ve va\u0161em dom\u011b \u0159e\u0161\u00edte probl\u00e9my, \u017ee si v\u0161ichni n\u00e1jemn\u00edci a podn\u00e1jemn\u00edci neukl\u00edz\u00ed d\u016fm, jak by m\u011bli, je pro v\u00e1s najmut\u00ed profesion\u00e1ln\u00ed firmy to prav\u00e9 pro v\u00e1s. Ubydou v\u00e1m starosti a vy si odpo\u010dinete. A m\u016f\u017eete se jednozna\u010dn\u011b spolehnout na to, \u017ee si naj\u00edm\u00e1te odborn\u00edky, kter\u00e9 maj\u00ed velik\u00e9 zku\u0161enosti. Do \u00faklidu se samoz\u0159ejm\u011b po\u010d\u00edt\u00e1 zamet\u00e1n\u00ed a vyt\u00edr\u00e1n\u00ed chodeb. A tak\u00e9 \u010di\u0161t\u011bn\u00ed a dezinfekce schr\u00e1nek, has\u00edc\u00edch p\u0159\u00edstroj\u016f a tak\u00e9 je mo\u017eno se domluvit na myt\u00ed oken.                                                                                                                                                                                                                                                                                                                                                                                                   "},{"@context":"https:\/\/schema.org\/","@type":"BreadcrumbList","itemListElement":[{"@type":"ListItem","position":1,"name":"Na koho se obr\u00e1tit p\u0159i \u00faklidu bytov\u00fdch dom\u016f v Praze?","item":"https:\/\/www.sseas.cz\/na-koho-se-obratit-pri-uklidu-bytovych-domu-v-praze\/#breadcrumbitem"}]}]