[{"@context":"https:\/\/schema.org\/","@type":"Article","@id":"https:\/\/www.sseas.cz\/mame-na-hladine-cernou-solarni-plachtu\/#Article","mainEntityOfPage":"https:\/\/www.sseas.cz\/mame-na-hladine-cernou-solarni-plachtu\/","headline":"M\u00e1me na hladin\u011b \u010dernou sol\u00e1rn\u00ed plachtu","name":"M\u00e1me na hladin\u011b \u010dernou sol\u00e1rn\u00ed plachtu","description":"Tak\u00e9 nem\u00e1te r\u00e1di \u010dernou barvu? Ona to vlastn\u011b nen\u00ed barva, \u010dern\u00e1 se nevyskytuje v barevn\u00e9m spektru sv\u011bteln\u00e9 energie, ka\u017edop\u00e1dn\u011b v [&hellip;]","datePublished":"2024-08-30","dateModified":"2024-08-30","author":{"@type":"Person","@id":"https:\/\/www.sseas.cz\/author\/#Person","name":"","url":"https:\/\/www.sseas.cz\/author\/","identifier":1,"image":{"@type":"ImageObject","@id":"https:\/\/secure.gravatar.com\/avatar\/64d58fab86512053c8bb518a6563e7284bb4a3422dc9af0106c3f39575364c7b?s=96&d=mm&r=g","url":"https:\/\/secure.gravatar.com\/avatar\/64d58fab86512053c8bb518a6563e7284bb4a3422dc9af0106c3f39575364c7b?s=96&d=mm&r=g","height":96,"width":96}},"publisher":{"@type":"Organization","name":"sseas.cz","logo":{"@type":"ImageObject","@id":"\/logo.png","url":"\/logo.png","width":600,"height":60}},"image":{"@type":"ImageObject","@id":"https:\/\/www.sseas.cz\/wp-content\/uploads\/pool-3105769_640_10_10_10_10_10_10_10_4.jpg","url":"https:\/\/www.sseas.cz\/wp-content\/uploads\/pool-3105769_640_10_10_10_10_10_10_10_4.jpg","height":0,"width":0},"url":"https:\/\/www.sseas.cz\/mame-na-hladine-cernou-solarni-plachtu\/","about":["Zbo\u017e\u00ed"],"wordCount":421,"articleBody":"         Tak\u00e9 nem\u00e1te r\u00e1di \u010dernou barvu? Ona to vlastn\u011b nen\u00ed barva, \u010dern\u00e1 se nevyskytuje v barevn\u00e9m spektru sv\u011bteln\u00e9 energie, ka\u017edop\u00e1dn\u011b v n\u011bkter\u00fdch p\u0159\u00edpadech sv\u016fj v\u00fdznam m\u00e1. Nap\u0159\u00edklad u sol\u00e1rn\u00edch panel\u016f nebo sol\u00e1rn\u00ed sprchy u baz\u00e9nu, kde pohlcuje teplo a sv\u011btlo a akumuluje jej pro vyu\u017eit\u00ed p\u0159i oh\u0159evu vody. \u010cern\u00e1 je tak\u00e9 vhodn\u00e1 pro zhotoven\u00ed \u010dern\u00e9 sol\u00e1rn\u00ed plachty Chlorito na hladinu baz\u00e9nu.Sol\u00e1rn\u00ed plachta \u010dern\u00e9 barvy proh\u0159\u00edv\u00e1 vrchn\u00ed vrstvu vody a t\u00edm j\u00ed z\u00e1rove\u0148 izoluje a udr\u017euje jej\u00ed vnit\u0159n\u00ed teplotu na pot\u0159ebn\u00e9 hodnot\u011b, nebo t\u00edm alespo\u0148 p\u0159isp\u00edv\u00e1 k jej\u00edmu pomalej\u0161\u00edmu ochlazov\u00e1n\u00ed. T\u00edmto zp\u016fsobem lze u\u0161et\u0159it za oh\u0159ev vody a p\u0159isp\u011bt k p\u0159\u00edjemn\u011bj\u0161\u00edmu pobytu v baz\u00e9nu. Plachta tu m\u00e1 ale i dal\u0161\u00ed v\u00fdznam, dok\u00e1\u017ee uspo\u0159it mnohem v\u00edce pen\u011bz jin\u00fdm zp\u016fsobem, a sice sn\u00ed\u017een\u00edm vodn\u00edho v\u00fdparu neboli mno\u017estv\u00edm odpa\u0159en\u00e9 vody do ovzdu\u0161\u00ed. M\u016f\u017ee se to zd\u00e1t jako nesmysl, ale posu\u010fte sami:Ka\u017ed\u00fd den se z jak\u00e9koli vodn\u00ed plochy v p\u0159\u00edrod\u011b (i v dom\u00e1cnosti) vypa\u0159\u00ed do vzduchu zhruba p\u011bt litr\u016f vody na \u010dtvere\u010dn\u00ed metr, plus m\u00ednus n\u011bjak\u00e9 decilitry s ohledem na vlhkost vzduchu a jeho teplotu. Toto je zpo\u010d\u00e1tku opravdu zanedbateln\u00e9 mno\u017estv\u00ed a m\u00e1te-li na zahrad\u011b baz\u00e9n o rozm\u011brech 8 x 4 metry, je n\u011bjak\u00fdch 160 litr\u016f vody na den nicotn\u00e9 \u010d\u00edslo. Jen\u017ee kdy\u017e m\u00e1te vodu dopl\u0148ovat z vodovodn\u00edho \u0159adu a plat\u00edte za vodn\u00e9 a sto\u010dn\u00e9 170 K\u010d (rok 2024 Kladensko a M\u011blnicko), brzy zjist\u00edte, jak to leze do pen\u011bz. Za m\u011bs\u00edc zaplat\u00edte za dopou\u0161t\u011bn\u00ed vody 816 K\u010d a za p\u016fl roku koupac\u00ed sez\u00f3ny to bude necel\u00fdch p\u011bt tis\u00edc K\u010d. Pokud budete baz\u00e9n provozovat patn\u00e1ct let, co\u017e je \u017eivotnost sol\u00e1rn\u00ed plachty (m\u016f\u017ee b\u00fdt i del\u0161\u00ed, ne\u017e 15 let), za tu dobu zaplat\u00edte, tedy vlastn\u011b vyhod\u00edte oknem zcela zbyte\u010dn\u011b 74 tis\u00edc korun. Nebylo by tedy lep\u0161\u00ed plachtu po\u0159\u00eddit a za u\u0161et\u0159en\u00e9 pen\u00edze koupit cel\u00e9 va\u0161\u00ed rodin\u011b nap\u0159\u00edklad j\u00edzdn\u00ed kola na dovolenou na T\u0159ebo\u0148sku? Na\u010d hradit ze sv\u00e9 kapsy vypa\u0159enou vodu, to u\u017e hrani\u010d\u00ed s bl\u00e1znovstv\u00edm, nebo snad ne?                                                                                                                                                                                                                                                                                                                                                                                                  "},{"@context":"https:\/\/schema.org\/","@type":"BreadcrumbList","itemListElement":[{"@type":"ListItem","position":1,"name":"M\u00e1me na hladin\u011b \u010dernou sol\u00e1rn\u00ed plachtu","item":"https:\/\/www.sseas.cz\/mame-na-hladine-cernou-solarni-plachtu\/#breadcrumbitem"}]}]