[{"@context":"https:\/\/schema.org\/","@type":"Article","@id":"https:\/\/www.sseas.cz\/ja-chci-hodne-zvirat\/#Article","mainEntityOfPage":"https:\/\/www.sseas.cz\/ja-chci-hodne-zvirat\/","headline":"J\u00e1 chci hodn\u011b zv\u00ed\u0159at","name":"J\u00e1 chci hodn\u011b zv\u00ed\u0159at","description":"Zv\u00ed\u0159ata m\u00e1m hodn\u011b r\u00e1da a v\u017edycky jsem si doma p\u0159\u00e1la m\u00edt n\u011bjak\u00e9 zv\u00ed\u0159e, jenom\u017ee, jak u\u017e to, tak b\u00fdv\u00e1, tak [&hellip;]","datePublished":"2024-09-30","dateModified":"2024-09-30","author":{"@type":"Person","@id":"https:\/\/www.sseas.cz\/author\/#Person","name":"","url":"https:\/\/www.sseas.cz\/author\/","identifier":1,"image":{"@type":"ImageObject","@id":"https:\/\/secure.gravatar.com\/avatar\/64d58fab86512053c8bb518a6563e7284bb4a3422dc9af0106c3f39575364c7b?s=96&d=mm&r=g","url":"https:\/\/secure.gravatar.com\/avatar\/64d58fab86512053c8bb518a6563e7284bb4a3422dc9af0106c3f39575364c7b?s=96&d=mm&r=g","height":96,"width":96}},"publisher":{"@type":"Organization","name":"sseas.cz","logo":{"@type":"ImageObject","@id":"\/logo.png","url":"\/logo.png","width":600,"height":60}},"image":{"@type":"ImageObject","@id":"https:\/\/www.sseas.cz\/wp-content\/uploads\/gosling-379393_1280.jpg","url":"https:\/\/www.sseas.cz\/wp-content\/uploads\/gosling-379393_1280.jpg","height":0,"width":0},"url":"https:\/\/www.sseas.cz\/ja-chci-hodne-zvirat\/","about":["Zv\u00ed\u0159ata"],"wordCount":444,"articleBody":"Zv\u00ed\u0159ata m\u00e1m hodn\u011b r\u00e1da a v\u017edycky jsem si doma p\u0159\u00e1la m\u00edt n\u011bjak\u00e9 zv\u00ed\u0159e, jenom\u017ee, jak u\u017e to, tak b\u00fdv\u00e1, tak n\u011bkdy rodi\u010de bohu\u017eel necht\u011bj\u00ed nikomu dovolit \u017e\u00e1dn\u00e9 zv\u00ed\u0159e. Pov\u00edm v\u00e1m, \u017ee m\u011b osobn\u011b je to hodn\u011b vad\u00ed. V\u017edycky jsem si \u0159\u00edkala, \u017ee a\u017e budu dosp\u011bl\u00e1, \u017ee budu m\u00edt doma v\u00e1\u017en\u011b plno zv\u00ed\u0159at, \u017ee pr\u00fd nebudu m\u00edt v\u016fbec \u017e\u00e1dn\u00e9 d\u011bti, ale \u017ee budu m\u00edt doma jenom sam\u00e1 zv\u00ed\u0159ata, a to t\u0159eba potkany, k\u0159e\u010dky, papou\u0161ky, rybi\u010dky, ko\u010dky, psi, kon\u011b ovce. To je \u00fapln\u011b jedno. Cht\u011bla jsem m\u00edt hlavn\u011b co nejv\u00edce zv\u00ed\u0159at. Moji rodi\u010de mi \u0159\u00edkali, \u017ee tohle je m\u00edt. Nikdy nebudu, \u017ee a\u017e pozn\u00e1m, co je to za starost, \u017ee pr\u00fd se v\u0161eho zbav\u00edm. Jenom\u017ee nyn\u00ed m\u00e9 dev\u011btadvacet let a m\u00e1m opravdu hodn\u011b zv\u00ed\u0159at, ani bych je nespo\u010d\u00edtala. M\u00e1m dokonce i slepice a husy a m\u00e1m opravdu velikou zahradu. Bez velik\u00e9 zahrady by tohle ne\u0161lo. Je\u0161t\u011b uva\u017euji, \u017ee si po\u0159\u00edd\u00edm dva\u00a0velik\u00e9 psi a byli by to n\u011bme\u010dt\u00ed ov\u010d\u00e1ci. Je n\u011bme\u010dt\u00ed ov\u010d\u00e1ci se mi ze v\u0161ech ps\u016f l\u00edb\u00ed opravdu nejv\u00edce. Tak\u00e9 jsem cht\u011bla n\u011bjak\u00e9ho malink\u00e9ho pejska, se kter\u00fdm bych spala v posteli. Jenom\u017ee, kdy\u017e m\u016fj partner \u0159ekl, \u017ee bych je\u0161t\u011b cht\u011bla dal\u0161\u00ed psi, tak mi \u0159ekl, \u017ee si m\u00e1m vybrat. Bu\u010f se v\u00e1m vybrat jeho anebo psi. V\u016fbec jsem nev\u011bd\u011bla, co m\u00e1m d\u011blat. Cht\u011bla jsem opravdu v\u0161echno. J\u00e1 v\u00edm, \u017ee je to mo\u017en\u00e1 sobeck\u00e9, ale jenom si uv\u011bdomte, \u017ee kdy\u017e n\u011bkdo m\u00e1 r\u00e1d zv\u00ed\u0159ata a p\u0159\u00e1l by si m\u00edt hodn\u011b zv\u00ed\u0159at, tak je potom t\u011b\u017ek\u00e9 si vybrat mezi \u010dlov\u011bkem a zv\u00ed\u0159etem. Samoz\u0159ejm\u011b \u017ee nakonec jsem si vybrala p\u0159\u00edtele opravdu jinak bych to neud\u011blala, ale st\u00e1le m\u011b mrz\u00ed, \u017ee nem\u016f\u017eu m\u00edt ty sv\u00e9 psy, kter\u00e9 jsem cht\u011bla. Budu doufat, \u017ee t\u0159eba postupem \u010dasu si partner na to zvykne a \u017ee psi bude cht\u00edt tak\u00e9. I kdy\u017e nev\u00edm, proto\u017ee on st\u00e1le \u0159\u00edk\u00e1, \u017ee je na zv\u00ed\u0159ec\u00ed srst alergick\u00fd. Opravdu nech\u00e1pu, jestli mi nel\u017ee\u00a0nebo jestli je to pravda. Asi to budu muset n\u011bjak zjistit tak, \u017ee p\u016fjdeme ke kamar\u00e1dce, kter\u00e1 m\u00e1 psy. Uvid\u00edme, kde je pravda.\u00a0                                                                                                                                                                                                                                                                                                                                                                                                "},{"@context":"https:\/\/schema.org\/","@type":"BreadcrumbList","itemListElement":[{"@type":"ListItem","position":1,"name":"J\u00e1 chci hodn\u011b zv\u00ed\u0159at","item":"https:\/\/www.sseas.cz\/ja-chci-hodne-zvirat\/#breadcrumbitem"}]}]