[{"@context":"https:\/\/schema.org\/","@type":"Article","@id":"https:\/\/www.sseas.cz\/generalni-uklid-pred-ocekavanou-navstevou\/#Article","mainEntityOfPage":"https:\/\/www.sseas.cz\/generalni-uklid-pred-ocekavanou-navstevou\/","headline":"Gener\u00e1ln\u00ed \u00faklid p\u0159ed o\u010dek\u00e1vanou n\u00e1v\u0161t\u011bvou","name":"Gener\u00e1ln\u00ed \u00faklid p\u0159ed o\u010dek\u00e1vanou n\u00e1v\u0161t\u011bvou","description":"O\u010dek\u00e1v\u00e1te vz\u00e1cnou n\u00e1v\u0161t\u011bvu ze zahrani\u010d\u00ed, nap\u0159\u00edklad ze \u0160pan\u011blska, kter\u00e1 p\u0159ilet\u00ed na leti\u0161t\u011b v Ostrav\u011b, a chcete ji p\u0159iv\u00edtat ve va\u0161em [&hellip;]","datePublished":"2024-09-10","dateModified":"2024-09-10","author":{"@type":"Person","@id":"https:\/\/www.sseas.cz\/author\/#Person","name":"","url":"https:\/\/www.sseas.cz\/author\/","identifier":1,"image":{"@type":"ImageObject","@id":"https:\/\/secure.gravatar.com\/avatar\/64d58fab86512053c8bb518a6563e7284bb4a3422dc9af0106c3f39575364c7b?s=96&d=mm&r=g","url":"https:\/\/secure.gravatar.com\/avatar\/64d58fab86512053c8bb518a6563e7284bb4a3422dc9af0106c3f39575364c7b?s=96&d=mm&r=g","height":96,"width":96}},"publisher":{"@type":"Organization","name":"sseas.cz","logo":{"@type":"ImageObject","@id":"\/logo.png","url":"\/logo.png","width":600,"height":60}},"image":{"@type":"ImageObject","@id":"https:\/\/www.sseas.cz\/wp-content\/uploads\/dirt-6752128_640_10_1.jpg","url":"https:\/\/www.sseas.cz\/wp-content\/uploads\/dirt-6752128_640_10_1.jpg","height":0,"width":0},"url":"https:\/\/www.sseas.cz\/generalni-uklid-pred-ocekavanou-navstevou\/","about":["Slu\u017eby"],"wordCount":433,"articleBody":"       O\u010dek\u00e1v\u00e1te vz\u00e1cnou n\u00e1v\u0161t\u011bvu ze zahrani\u010d\u00ed, nap\u0159\u00edklad ze \u0160pan\u011blska, kter\u00e1 p\u0159ilet\u00ed na leti\u0161t\u011b v Ostrav\u011b, a chcete ji p\u0159iv\u00edtat ve va\u0161em dom\u011b se v\u0161\u00ed par\u00e1dou? Chyst\u00e1te proto na ten slavnostn\u00ed den vhodn\u00e9 ob\u010derstven\u00ed a tak\u00e9 program? Bude u v\u00e1s n\u00e1v\u0161t\u011bva p\u0159esp\u00e1vat a chcete si vz\u00edt dovolenou, abyste spole\u010dn\u011b procestovali kus republiky a p\u0159edstavili ji \u0160pan\u011bl\u016fm v tom nejlep\u0161\u00edm sv\u011btle? Pak by se v\u00e1m mohla hodit \u00faklidov\u00e1 slu\u017eba z Ostravy, kter\u00e1 v\u00e1m vypom\u016f\u017ee s t\u00edm nejobt\u00ed\u017en\u011bj\u0161\u00edm \u2013 s gener\u00e1ln\u00edm \u00faklidem cel\u00e9ho domu.Kdy\u017e k v\u00e1m m\u00e1 zav\u00edtat nap\u0159\u00edklad po\u0161\u0165\u00e1k, co p\u0159in\u00e1\u0161\u00ed doporu\u010den\u00e9 psan\u00ed, anebo n\u011bjak\u00fd \u00fa\u0159edn\u00edk, t\u0159eba not\u00e1\u0159 kv\u016fli ov\u011b\u0159ov\u00e1n\u00ed podpisu a kontrole smluv, nemus\u00edte kv\u016fli tomu n\u011bjak \u0161\u00edlet, posta\u010d\u00ed m\u00edt v byt\u011b vyluxovan\u00fd koberec a vyt\u0159enou podlahu, p\u0159i\u010dem\u017e doty\u010dn\u00fd \u010dlov\u011bk v\u00e1m nebude kontrolovat ut\u0159en\u00fd prach na n\u00e1bytku a vyc\u00edd\u011bn\u00e1 sv\u00edtidla, proto\u017ee se u v\u00e1s zdr\u017e\u00ed jen p\u00e1r minut, zato n\u00e1v\u0161t\u011bva z ciziny, kter\u00e1 bude u v\u00e1s tr\u00e1vit v\u00edce dn\u016f i s noclehem, to je n\u011bco jin\u00e9ho. Tam mus\u00ed v\u0161echno dokonale klapnout do punt\u00edku.\u00daklidov\u00e1 firma se postar\u00e1 o precizn\u00ed \u00faklid toalety, koupelny a kuchyn\u011b, t\u00edm se mus\u00ed za\u010d\u00edt, proto\u017ee tyto prostory jsou pro dobr\u00fd pocit i z hygienick\u00fdch d\u016fvod\u016f nejd\u016fle\u017eit\u011bj\u0161\u00ed. Pot\u00e9 se m\u016f\u017ee p\u0159ikro\u010dit k myt\u00ed oken, sv\u00edtidel, parapet\u016f, dve\u0159\u00ed a k \u00fadr\u017eb\u011b (\u010di\u0161t\u011bn\u00ed a le\u0161t\u011bn\u00ed) n\u00e1bytku. Na z\u00e1v\u011br p\u0159ijdou na \u0159adu podlahov\u00e9 krytiny a \u010daloun\u011bn\u00ed, p\u0159\u00edpadn\u011b je-li t\u0159eba, i zdravotn\u00edch matrac\u00ed. V\u0161e mus\u00edte hlavn\u011b napl\u00e1novat tak, aby \u00faklidov\u00e1 firma sta\u010dila v\u0161e zvl\u00e1dnout a odej\u00edt je\u0161t\u011b p\u0159ed t\u00edm, ne\u017e va\u0161e n\u00e1v\u0161t\u011bva p\u0159ilet\u00ed. Aby to nedopadlo podobn\u011b, jako v seri\u00e1lu Rozpaky kucha\u0159e Svatopluka, kdy Josef Dvo\u0159\u00e1k musel z provozn\u00edch d\u016fvod\u016f p\u0159ijet ke sv\u00e9 p\u0159\u00edtelkyni na ofici\u00e1ln\u00ed n\u00e1mluvy v rodin\u011b o den d\u0159\u00edve, a rodina jeho nast\u00e1vaj\u00edc\u00ed snoubenky o tom nem\u011bla ani zd\u00e1n\u00ed, na\u010de\u017e vtrhnul do domu p\u0159esn\u011b ve chv\u00edli, kdy tam bylo doslova v\u0161echno vzh\u016fru nohama.                                                                                                                                                                                                                                                                                                                                                                                                  "},{"@context":"https:\/\/schema.org\/","@type":"BreadcrumbList","itemListElement":[{"@type":"ListItem","position":1,"name":"Gener\u00e1ln\u00ed \u00faklid p\u0159ed o\u010dek\u00e1vanou n\u00e1v\u0161t\u011bvou","item":"https:\/\/www.sseas.cz\/generalni-uklid-pred-ocekavanou-navstevou\/#breadcrumbitem"}]}]