[{"@context":"https:\/\/schema.org\/","@type":"Blog","@id":"https:\/\/www.sseas.cz#Blog","headline":"Sseas","description":"\nM\u00e1te-li zrovna probl\u00e9my, nev\u00e1hejte se obr\u00e1tit na n\u00e1\u0161 web. T\u0159eba pr\u00e1v\u011b tady dok\u00e1\u017eete naj\u00edt to, co postr\u00e1d\u00e1te a co tak zoufale hled\u00e1te, aby v\u00e1m bylo l\u00edp.","url":"https:\/\/www.sseas.cz","hasPart":[{"@type":"Article","@id":"https:\/\/www.sseas.cz\/druhy-pojisteni-a-pojistna-smlouva\/","headline":"Druhy poji\u0161t\u011bn\u00ed a pojistn\u00e1 smlouva","url":"https:\/\/www.sseas.cz\/druhy-pojisteni-a-pojistna-smlouva\/","datePublished":"2025-05-13","dateModified":"2025-05-13","mainEntityOfPage":"https:\/\/www.sseas.cz\/druhy-pojisteni-a-pojistna-smlouva\/","author":{"@type":"Person","@id":"https:\/\/www.sseas.cz\/author\/#Person","name":"","url":"https:\/\/www.sseas.cz\/author\/","identifier":1,"image":{"@type":"ImageObject","@id":"https:\/\/secure.gravatar.com\/avatar\/64d58fab86512053c8bb518a6563e7284bb4a3422dc9af0106c3f39575364c7b?s=96&d=mm&r=g","url":"https:\/\/secure.gravatar.com\/avatar\/64d58fab86512053c8bb518a6563e7284bb4a3422dc9af0106c3f39575364c7b?s=96&d=mm&r=g","height":96,"width":96}},"publisher":{"@type":"Organization","name":"sseas.cz","logo":{"@type":"ImageObject","@id":"\/logo.png","url":"\/logo.png","width":600,"height":60}},"image":{"@type":"ImageObject","@id":"https:\/\/www.sseas.cz\/wp-content\/uploads\/img_a319478_w1794_t1530516969.jpg","url":"https:\/\/www.sseas.cz\/wp-content\/uploads\/img_a319478_w1794_t1530516969.jpg","height":0,"width":0},"wordCount":638,"keywords":null},{"@type":"Article","@id":"https:\/\/www.sseas.cz\/tonovani-autoskel\/","headline":"T\u00f3nov\u00e1n\u00ed autoskel","url":"https:\/\/www.sseas.cz\/tonovani-autoskel\/","datePublished":"2025-04-22","dateModified":"2025-04-22","mainEntityOfPage":"https:\/\/www.sseas.cz\/tonovani-autoskel\/","author":{"@type":"Person","@id":"https:\/\/www.sseas.cz\/author\/#Person","name":"","url":"https:\/\/www.sseas.cz\/author\/","identifier":1,"image":{"@type":"ImageObject","@id":"https:\/\/secure.gravatar.com\/avatar\/64d58fab86512053c8bb518a6563e7284bb4a3422dc9af0106c3f39575364c7b?s=96&d=mm&r=g","url":"https:\/\/secure.gravatar.com\/avatar\/64d58fab86512053c8bb518a6563e7284bb4a3422dc9af0106c3f39575364c7b?s=96&d=mm&r=g","height":96,"width":96}},"publisher":{"@type":"Organization","name":"sseas.cz","logo":{"@type":"ImageObject","@id":"\/logo.png","url":"\/logo.png","width":600,"height":60}},"image":null,"wordCount":207,"keywords":null},{"@type":"Article","@id":"https:\/\/www.sseas.cz\/neni-treba-vzdy-sklo-cele-menit\/","headline":"Nen\u00ed t\u0159eba v\u017edy sklo cel\u00e9 m\u011bnit","url":"https:\/\/www.sseas.cz\/neni-treba-vzdy-sklo-cele-menit\/","datePublished":"2025-04-12","dateModified":"2025-04-12","mainEntityOfPage":"https:\/\/www.sseas.cz\/neni-treba-vzdy-sklo-cele-menit\/","author":{"@type":"Person","@id":"https:\/\/www.sseas.cz\/author\/#Person","name":"","url":"https:\/\/www.sseas.cz\/author\/","identifier":1,"image":{"@type":"ImageObject","@id":"https:\/\/secure.gravatar.com\/avatar\/64d58fab86512053c8bb518a6563e7284bb4a3422dc9af0106c3f39575364c7b?s=96&d=mm&r=g","url":"https:\/\/secure.gravatar.com\/avatar\/64d58fab86512053c8bb518a6563e7284bb4a3422dc9af0106c3f39575364c7b?s=96&d=mm&r=g","height":96,"width":96}},"publisher":{"@type":"Organization","name":"sseas.cz","logo":{"@type":"ImageObject","@id":"\/logo.png","url":"\/logo.png","width":600,"height":60}},"image":null,"wordCount":232,"keywords":null},{"@type":"Article","@id":"https:\/\/www.sseas.cz\/o-ochote-a-profesionalite\/","headline":"O ochot\u011b a profesionalit\u011b","url":"https:\/\/www.sseas.cz\/o-ochote-a-profesionalite\/","datePublished":"2025-04-06","dateModified":"2025-04-06","mainEntityOfPage":"https:\/\/www.sseas.cz\/o-ochote-a-profesionalite\/","author":{"@type":"Person","@id":"https:\/\/www.sseas.cz\/author\/#Person","name":"","url":"https:\/\/www.sseas.cz\/author\/","identifier":1,"image":{"@type":"ImageObject","@id":"https:\/\/secure.gravatar.com\/avatar\/64d58fab86512053c8bb518a6563e7284bb4a3422dc9af0106c3f39575364c7b?s=96&d=mm&r=g","url":"https:\/\/secure.gravatar.com\/avatar\/64d58fab86512053c8bb518a6563e7284bb4a3422dc9af0106c3f39575364c7b?s=96&d=mm&r=g","height":96,"width":96}},"publisher":{"@type":"Organization","name":"sseas.cz","logo":{"@type":"ImageObject","@id":"\/logo.png","url":"\/logo.png","width":600,"height":60}},"image":null,"wordCount":196,"keywords":null},{"@type":"Article","@id":"https:\/\/www.sseas.cz\/pujcujte-si-opatrne\/","headline":"P\u016fj\u010dujte si opatrn\u011b","url":"https:\/\/www.sseas.cz\/pujcujte-si-opatrne\/","datePublished":"2025-03-29","dateModified":"2025-03-29","mainEntityOfPage":"https:\/\/www.sseas.cz\/pujcujte-si-opatrne\/","author":{"@type":"Person","@id":"https:\/\/www.sseas.cz\/author\/#Person","name":"","url":"https:\/\/www.sseas.cz\/author\/","identifier":1,"image":{"@type":"ImageObject","@id":"https:\/\/secure.gravatar.com\/avatar\/64d58fab86512053c8bb518a6563e7284bb4a3422dc9af0106c3f39575364c7b?s=96&d=mm&r=g","url":"https:\/\/secure.gravatar.com\/avatar\/64d58fab86512053c8bb518a6563e7284bb4a3422dc9af0106c3f39575364c7b?s=96&d=mm&r=g","height":96,"width":96}},"publisher":{"@type":"Organization","name":"sseas.cz","logo":{"@type":"ImageObject","@id":"\/logo.png","url":"\/logo.png","width":600,"height":60}},"image":{"@type":"ImageObject","@id":"https:\/\/www.sseas.cz\/wp-content\/uploads\/euro-163475_640_10_3.jpg","url":"https:\/\/www.sseas.cz\/wp-content\/uploads\/euro-163475_640_10_3.jpg","height":0,"width":0},"wordCount":540,"keywords":null},{"@type":"Article","@id":"https:\/\/www.sseas.cz\/jak-uniknout-financnim-problemum\/","headline":"Jak uniknout finan\u010dn\u00edm probl\u00e9m\u016fm?","url":"https:\/\/www.sseas.cz\/jak-uniknout-financnim-problemum\/","datePublished":"2025-03-29","dateModified":"2025-03-29","mainEntityOfPage":"https:\/\/www.sseas.cz\/jak-uniknout-financnim-problemum\/","author":{"@type":"Person","@id":"https:\/\/www.sseas.cz\/author\/#Person","name":"","url":"https:\/\/www.sseas.cz\/author\/","identifier":1,"image":{"@type":"ImageObject","@id":"https:\/\/secure.gravatar.com\/avatar\/64d58fab86512053c8bb518a6563e7284bb4a3422dc9af0106c3f39575364c7b?s=96&d=mm&r=g","url":"https:\/\/secure.gravatar.com\/avatar\/64d58fab86512053c8bb518a6563e7284bb4a3422dc9af0106c3f39575364c7b?s=96&d=mm&r=g","height":96,"width":96}},"publisher":{"@type":"Organization","name":"sseas.cz","logo":{"@type":"ImageObject","@id":"\/logo.png","url":"\/logo.png","width":600,"height":60}},"image":{"@type":"ImageObject","@id":"https:\/\/www.sseas.cz\/wp-content\/uploads\/pppppppppppppppppppppppppppppppppppppppppppppppppppppppppppppppppp_2.jpg","url":"https:\/\/www.sseas.cz\/wp-content\/uploads\/pppppppppppppppppppppppppppppppppppppppppppppppppppppppppppppppppp_2.jpg","height":0,"width":0},"wordCount":581,"keywords":null},{"@type":"Article","@id":"https:\/\/www.sseas.cz\/vyreste-spor-o-hrany-pozemku\/","headline":"Vy\u0159e\u0161te spor o hrany pozemku","url":"https:\/\/www.sseas.cz\/vyreste-spor-o-hrany-pozemku\/","datePublished":"2025-03-27","dateModified":"2025-03-27","mainEntityOfPage":"https:\/\/www.sseas.cz\/vyreste-spor-o-hrany-pozemku\/","author":{"@type":"Person","@id":"https:\/\/www.sseas.cz\/author\/#Person","name":"","url":"https:\/\/www.sseas.cz\/author\/","identifier":1,"image":{"@type":"ImageObject","@id":"https:\/\/secure.gravatar.com\/avatar\/64d58fab86512053c8bb518a6563e7284bb4a3422dc9af0106c3f39575364c7b?s=96&d=mm&r=g","url":"https:\/\/secure.gravatar.com\/avatar\/64d58fab86512053c8bb518a6563e7284bb4a3422dc9af0106c3f39575364c7b?s=96&d=mm&r=g","height":96,"width":96}},"publisher":{"@type":"Organization","name":"sseas.cz","logo":{"@type":"ImageObject","@id":"\/logo.png","url":"\/logo.png","width":600,"height":60}},"image":null,"wordCount":456,"keywords":null},{"@type":"Article","@id":"https:\/\/www.sseas.cz\/mejte-erekce-kdykoli-se-vam-zamane\/","headline":"M\u011bjte erekce kdykoli se V\u00e1m zamane","url":"https:\/\/www.sseas.cz\/mejte-erekce-kdykoli-se-vam-zamane\/","datePublished":"2025-03-20","dateModified":"2025-03-20","mainEntityOfPage":"https:\/\/www.sseas.cz\/mejte-erekce-kdykoli-se-vam-zamane\/","author":{"@type":"Person","@id":"https:\/\/www.sseas.cz\/author\/#Person","name":"","url":"https:\/\/www.sseas.cz\/author\/","identifier":1,"image":{"@type":"ImageObject","@id":"https:\/\/secure.gravatar.com\/avatar\/64d58fab86512053c8bb518a6563e7284bb4a3422dc9af0106c3f39575364c7b?s=96&d=mm&r=g","url":"https:\/\/secure.gravatar.com\/avatar\/64d58fab86512053c8bb518a6563e7284bb4a3422dc9af0106c3f39575364c7b?s=96&d=mm&r=g","height":96,"width":96}},"publisher":{"@type":"Organization","name":"sseas.cz","logo":{"@type":"ImageObject","@id":"\/logo.png","url":"\/logo.png","width":600,"height":60}},"image":null,"wordCount":267,"keywords":null},{"@type":"Article","@id":"https:\/\/www.sseas.cz\/pripominame-si-gillese-villeneuva-a-jeho-ferrari-f1-312t4\/","headline":"P\u0159ipom\u00edn\u00e1me si Gillese Villeneuva a jeho Ferrari F1 312T4","url":"https:\/\/www.sseas.cz\/pripominame-si-gillese-villeneuva-a-jeho-ferrari-f1-312t4\/","datePublished":"2025-03-17","dateModified":"2025-03-17","mainEntityOfPage":"https:\/\/www.sseas.cz\/pripominame-si-gillese-villeneuva-a-jeho-ferrari-f1-312t4\/","author":{"@type":"Person","@id":"https:\/\/www.sseas.cz\/author\/#Person","name":"","url":"https:\/\/www.sseas.cz\/author\/","identifier":1,"image":{"@type":"ImageObject","@id":"https:\/\/secure.gravatar.com\/avatar\/64d58fab86512053c8bb518a6563e7284bb4a3422dc9af0106c3f39575364c7b?s=96&d=mm&r=g","url":"https:\/\/secure.gravatar.com\/avatar\/64d58fab86512053c8bb518a6563e7284bb4a3422dc9af0106c3f39575364c7b?s=96&d=mm&r=g","height":96,"width":96}},"publisher":{"@type":"Organization","name":"sseas.cz","logo":{"@type":"ImageObject","@id":"\/logo.png","url":"\/logo.png","width":600,"height":60}},"image":{"@type":"ImageObject","@id":"https:\/\/www.sseas.cz\/wp-content\/uploads\/ferrari-957563_640.jpg","url":"https:\/\/www.sseas.cz\/wp-content\/uploads\/ferrari-957563_640.jpg","height":0,"width":0},"wordCount":590,"keywords":null},{"@type":"Article","@id":"https:\/\/www.sseas.cz\/sidlo-firmy-ktere-prizpusobime-vasim-potrebam\/","headline":"S\u00eddlo firmy, kter\u00e9 p\u0159izp\u016fsob\u00edme Va\u0161im pot\u0159eb\u00e1m","url":"https:\/\/www.sseas.cz\/sidlo-firmy-ktere-prizpusobime-vasim-potrebam\/","datePublished":"2025-03-10","dateModified":"2025-03-10","mainEntityOfPage":"https:\/\/www.sseas.cz\/sidlo-firmy-ktere-prizpusobime-vasim-potrebam\/","author":{"@type":"Person","@id":"https:\/\/www.sseas.cz\/author\/#Person","name":"","url":"https:\/\/www.sseas.cz\/author\/","identifier":1,"image":{"@type":"ImageObject","@id":"https:\/\/secure.gravatar.com\/avatar\/64d58fab86512053c8bb518a6563e7284bb4a3422dc9af0106c3f39575364c7b?s=96&d=mm&r=g","url":"https:\/\/secure.gravatar.com\/avatar\/64d58fab86512053c8bb518a6563e7284bb4a3422dc9af0106c3f39575364c7b?s=96&d=mm&r=g","height":96,"width":96}},"publisher":{"@type":"Organization","name":"sseas.cz","logo":{"@type":"ImageObject","@id":"\/logo.png","url":"\/logo.png","width":600,"height":60}},"image":null,"wordCount":210,"keywords":null}]},{"@context":"https:\/\/schema.org","@type":"WebSite","@id":"https:\/\/www.sseas.cz\/#website","name":"Sseas","url":"https:\/\/www.sseas.cz","potentialAction":{"@type":"SearchAction","target":"https:\/\/www.sseas.cz\/?s={search_term_string}","query-input":"required name=search_term_string"}}]